{"id":1123,"date":"2022-07-29T10:42:28","date_gmt":"2022-07-29T08:42:28","guid":{"rendered":"https:\/\/gastronet24.pl\/blog\/?p=1123"},"modified":"2025-10-27T09:49:39","modified_gmt":"2025-10-27T08:49:39","slug":"ranking-mydel-w-plynie","status":"publish","type":"post","link":"https:\/\/gastronet24.pl\/blog\/ranking-mydel-w-plynie","title":{"rendered":"Ranking myde\u0142 w p\u0142ynie"},"content":{"rendered":"<div class=\"wp-block-image is-style-default\">\n<figure class=\"aligncenter size-full\"><img data-recalc-dims=\"1\" loading=\"lazy\" decoding=\"async\" width=\"1170\" height=\"636\" src=\"https:\/\/i0.wp.com\/gastronet24.pl\/blog\/wp-content\/uploads\/2022\/07\/ranking-mydel-w-plynie-glowny.jpg?resize=1170%2C636&#038;ssl=1\" alt=\"myd\u0142o w p\u0142ynie ranking\" class=\"wp-image-1125\" srcset=\"https:\/\/i0.wp.com\/gastronet24.pl\/blog\/wp-content\/uploads\/2022\/07\/ranking-mydel-w-plynie-glowny.jpg?w=2000&amp;ssl=1 2000w, https:\/\/i0.wp.com\/gastronet24.pl\/blog\/wp-content\/uploads\/2022\/07\/ranking-mydel-w-plynie-glowny.jpg?resize=300%2C163&amp;ssl=1 300w, https:\/\/i0.wp.com\/gastronet24.pl\/blog\/wp-content\/uploads\/2022\/07\/ranking-mydel-w-plynie-glowny.jpg?resize=1024%2C557&amp;ssl=1 1024w, https:\/\/i0.wp.com\/gastronet24.pl\/blog\/wp-content\/uploads\/2022\/07\/ranking-mydel-w-plynie-glowny.jpg?resize=768%2C417&amp;ssl=1 768w, https:\/\/i0.wp.com\/gastronet24.pl\/blog\/wp-content\/uploads\/2022\/07\/ranking-mydel-w-plynie-glowny.jpg?resize=1536%2C835&amp;ssl=1 1536w, https:\/\/i0.wp.com\/gastronet24.pl\/blog\/wp-content\/uploads\/2022\/07\/ranking-mydel-w-plynie-glowny.jpg?resize=830%2C451&amp;ssl=1 830w, https:\/\/i0.wp.com\/gastronet24.pl\/blog\/wp-content\/uploads\/2022\/07\/ranking-mydel-w-plynie-glowny.jpg?resize=230%2C125&amp;ssl=1 230w, https:\/\/i0.wp.com\/gastronet24.pl\/blog\/wp-content\/uploads\/2022\/07\/ranking-mydel-w-plynie-glowny.jpg?resize=350%2C190&amp;ssl=1 350w, https:\/\/i0.wp.com\/gastronet24.pl\/blog\/wp-content\/uploads\/2022\/07\/ranking-mydel-w-plynie-glowny.jpg?resize=480%2C261&amp;ssl=1 480w\" sizes=\"auto, (max-width: 1170px) 100vw, 1170px\" \/><\/figure>\n<\/div>\n\n\n<div id=\"ez-toc-container\" class=\"ez-toc-v2_0_82_2 counter-hierarchy ez-toc-counter ez-toc-grey ez-toc-container-direction\">\n<div class=\"ez-toc-title-container\">\n<p class=\"ez-toc-title\" style=\"cursor:inherit\">Spis tre\u015bci<\/p>\n<span class=\"ez-toc-title-toggle\"><a href=\"#\" class=\"ez-toc-pull-right ez-toc-btn ez-toc-btn-xs ez-toc-btn-default ez-toc-toggle\" aria-label=\"Prze\u0142\u0105cznik Spisu Tre\u015bci\"><span class=\"ez-toc-js-icon-con\"><span class=\"\"><span class=\"eztoc-hide\" style=\"display:none;\">Toggle<\/span><span class=\"ez-toc-icon-toggle-span\"><svg style=\"fill: #999;color:#999\" xmlns=\"http:\/\/www.w3.org\/2000\/svg\" class=\"list-377408\" width=\"20px\" height=\"20px\" viewBox=\"0 0 24 24\" fill=\"none\"><path d=\"M6 6H4v2h2V6zm14 0H8v2h12V6zM4 11h2v2H4v-2zm16 0H8v2h12v-2zM4 16h2v2H4v-2zm16 0H8v2h12v-2z\" fill=\"currentColor\"><\/path><\/svg><svg style=\"fill: #999;color:#999\" class=\"arrow-unsorted-368013\" xmlns=\"http:\/\/www.w3.org\/2000\/svg\" width=\"10px\" height=\"10px\" viewBox=\"0 0 24 24\" version=\"1.2\" baseProfile=\"tiny\"><path d=\"M18.2 9.3l-6.2-6.3-6.2 6.3c-.2.2-.3.4-.3.7s.1.5.3.7c.2.2.4.3.7.3h11c.3 0 .5-.1.7-.3.2-.2.3-.5.3-.7s-.1-.5-.3-.7zM5.8 14.7l6.2 6.3 6.2-6.3c.2-.2.3-.5.3-.7s-.1-.5-.3-.7c-.2-.2-.4-.3-.7-.3h-11c-.3 0-.5.1-.7.3-.2.2-.3.5-.3.7s.1.5.3.7z\"\/><\/svg><\/span><\/span><\/span><\/a><\/span><\/div>\n<nav><ul class='ez-toc-list ez-toc-list-level-1 ' ><li class='ez-toc-page-1 ez-toc-heading-level-1'><a class=\"ez-toc-link ez-toc-heading-1\" href=\"https:\/\/gastronet24.pl\/blog\/ranking-mydel-w-plynie\/#Ranking_mydel_w_plynie\" >Ranking myde\u0142 w p\u0142ynie<\/a><ul class='ez-toc-list-level-2' ><li class='ez-toc-heading-level-2'><a class=\"ez-toc-link ez-toc-heading-2\" href=\"https:\/\/gastronet24.pl\/blog\/ranking-mydel-w-plynie\/#Mydlo_w_plynie_ranking\" >Myd\u0142o w p\u0142ynie ranking<\/a><\/li><li class='ez-toc-page-1 ez-toc-heading-level-2'><a class=\"ez-toc-link ez-toc-heading-3\" href=\"https:\/\/gastronet24.pl\/blog\/ranking-mydel-w-plynie\/#Bananowe_mydlo_w_pianie_MERIDA_ONE_PLUS_MTP205\" >Bananowe myd\u0142o w pianie MERIDA ONE PLUS MTP205<\/a><\/li><li class='ez-toc-page-1 ez-toc-heading-level-2'><a class=\"ez-toc-link ez-toc-heading-4\" href=\"https:\/\/gastronet24.pl\/blog\/ranking-mydel-w-plynie\/#Mydlo_w_plynie_5l_HACCP_Stalgast\" >Myd\u0142o w p\u0142ynie 5l HACCP Stalgast<\/a><\/li><li class='ez-toc-page-1 ez-toc-heading-level-2'><a class=\"ez-toc-link ez-toc-heading-5\" href=\"https:\/\/gastronet24.pl\/blog\/ranking-mydel-w-plynie\/#Mydla_antybakteryjne_%E2%80%93_jakie_wybrac\" >Myd\u0142a antybakteryjne &#8211; jakie wybra\u0107?<\/a><\/li><\/ul><\/li><\/ul><\/nav><\/div>\n<h1 class=\"wp-block-heading\"><span class=\"ez-toc-section\" id=\"Ranking_mydel_w_plynie\"><\/span>Ranking myde\u0142 w p\u0142ynie<span class=\"ez-toc-section-end\"><\/span><\/h1>\n\n\n\n<h2 class=\"wp-block-heading\"><span class=\"ez-toc-section\" id=\"Mydlo_w_plynie_ranking\"><\/span>Myd\u0142o w p\u0142ynie ranking<span class=\"ez-toc-section-end\"><\/span><\/h2>\n\n\n\n<p>Wykonanie rankingu myde\u0142 z pewno\u015bci\u0105 nie da Ci odpowiedzi na wszystkie pytania. Pomo\u017ce Ci jednak ustali\u0107, jakie s\u0105 ich podstawowe rodzaje, pojemno\u015bci albo odpowiedzie\u0107 na pytanie: myd\u0142o antybakteryjne jakie wybra\u0107? Poznasz tu podstawowe rodzaje myd\u0142a w p\u0142ynie i jego popularne odmiany ze wzgl\u0119du na zapach, pojemno\u015b\u0107, rodzaj dozownika czy przeznaczenie. <\/p>\n\n\n\n<p>P\u0142ynne myd\u0142o to wygoda u\u017cytkowania &#8211; zar\u00f3wno dla Ciebie, jak i dla Twoich klient\u00f3w. Poznaj opisywane przez nas produkty i zdecyduj, kt\u00f3ry z nich przeznaczony jest do Twojej firmy. Zapraszamy do lektury!<\/p>\n\n\n\n<p><\/p>\n\n\n<div class=\"wp-block-image is-style-default\">\n<figure class=\"aligncenter size-large\"><a href=\"https:\/\/gastronet24.pl\/mydla-w-piance\/71824-mydlo-w-pianie-merida-one-plus-jednorazowy-wklad-700-g-zapach-bananowy-merida-mtp205.html?utm_source=g24blog&amp;utm_medium=referral\"><img data-recalc-dims=\"1\" loading=\"lazy\" decoding=\"async\" width=\"1024\" height=\"683\" src=\"https:\/\/i0.wp.com\/gastronet24.pl\/blog\/wp-content\/uploads\/2022\/07\/ranking-mydel-w-plynie-01.jpg?resize=1024%2C683&#038;ssl=1\" alt=\"jakie myd\u0142o w p\u0142ynie\" class=\"wp-image-1128\" srcset=\"https:\/\/i0.wp.com\/gastronet24.pl\/blog\/wp-content\/uploads\/2022\/07\/ranking-mydel-w-plynie-01.jpg?resize=1024%2C683&amp;ssl=1 1024w, https:\/\/i0.wp.com\/gastronet24.pl\/blog\/wp-content\/uploads\/2022\/07\/ranking-mydel-w-plynie-01.jpg?resize=300%2C200&amp;ssl=1 300w, https:\/\/i0.wp.com\/gastronet24.pl\/blog\/wp-content\/uploads\/2022\/07\/ranking-mydel-w-plynie-01.jpg?resize=768%2C512&amp;ssl=1 768w, https:\/\/i0.wp.com\/gastronet24.pl\/blog\/wp-content\/uploads\/2022\/07\/ranking-mydel-w-plynie-01.jpg?resize=830%2C553&amp;ssl=1 830w, https:\/\/i0.wp.com\/gastronet24.pl\/blog\/wp-content\/uploads\/2022\/07\/ranking-mydel-w-plynie-01.jpg?resize=230%2C153&amp;ssl=1 230w, https:\/\/i0.wp.com\/gastronet24.pl\/blog\/wp-content\/uploads\/2022\/07\/ranking-mydel-w-plynie-01.jpg?resize=350%2C233&amp;ssl=1 350w, https:\/\/i0.wp.com\/gastronet24.pl\/blog\/wp-content\/uploads\/2022\/07\/ranking-mydel-w-plynie-01.jpg?resize=480%2C320&amp;ssl=1 480w, https:\/\/i0.wp.com\/gastronet24.pl\/blog\/wp-content\/uploads\/2022\/07\/ranking-mydel-w-plynie-01.jpg?w=1500&amp;ssl=1 1500w\" sizes=\"auto, (max-width: 1024px) 100vw, 1024px\" \/><\/a><\/figure>\n<\/div>\n\n\n<p><\/p>\n\n\n\n<h2 class=\"wp-block-heading\"><span class=\"ez-toc-section\" id=\"Bananowe_mydlo_w_pianie_MERIDA_ONE_PLUS_MTP205\"><\/span>Bananowe myd\u0142o w pianie MERIDA ONE PLUS MTP205<span class=\"ez-toc-section-end\"><\/span><\/h2>\n\n\n\n<p>Za\u0142\u00f3\u017cmy, \u017ce potrzebny jest Ci wk\u0142ad do dozownika. Jaki wybra\u0107, na jakie cechy zwr\u00f3ci\u0107 uwag\u0119? Cz\u0119stym przypadkiem jest produkcja wk\u0142ad\u00f3w o konkretnej wadze &#8211; przyk\u0142adowy bestseller z naszej oferty wa\u017cy 700 g. Warto tu r\u00f3wnie\u017c zwr\u00f3ci\u0107 uwag\u0119 na dopasowanie do konkretnego modelu dozownika. Nawet idealnie dobrany zapach i inne parametry nie zmniejsz\u0105 Twojego zawodu, je\u015bli oka\u017ce si\u0119 \u017ce zakupiony produkt nie pasuje do posiadanego przez Ciebie sprz\u0119tu. <\/p>\n\n\n\n<p>Je\u015bli za\u015b mowa o zapachach, w ofercie producent\u00f3w mo\u017cna znale\u017a\u0107 takie opcje jak wanilia, r\u00f3\u017ca, granat, grejpfrut czy te\u017c banan. I w\u0142a\u015bnie ten ostatni jest naszym bestsellerem. W kategorii tej znajdziesz te\u017c oczywi\u015bcie myd\u0142a bezwonne, ale te\u017c takie o intensywnym, \u015bwie\u017cym ale niekoniecznie owocowym zapachu.<\/p>\n\n\n\n<p><\/p>\n\n\n\n<div class=\"wp-block-buttons alignfull is-content-justification-center is-layout-flex wp-container-core-buttons-is-layout-16018d1d wp-block-buttons-is-layout-flex\">\n<div class=\"wp-block-button has-custom-font-size aligncenter is-style-fill has-medium-font-size\"><a class=\"wp-block-button__link has-white-color has-text-color has-background wp-element-button\" href=\"https:\/\/gastronet24.pl\/13416-mydla-w-piance?utm_source=g24blog&amp;utm_medium=referral\" style=\"background-color:#a61111\"><strong>Myd\u0142a w piance<\/strong>: Sprawd\u017a ofert\u0119 &gt;&gt;<\/a><\/div>\n<\/div>\n\n\n\n<p><\/p>\n\n\n\n<p>W przeciwie\u0144stwie do myd\u0142a w kanistrach, wk\u0142ady wymienia si\u0119 poprzez zmian\u0119 ca\u0142ego produktu &#8211; nie dolewa si\u0119 do niego p\u0142yn\u00f3w. Pozwala to ogranicza\u0107 mycie dozownika. Zu\u017cyty produkt wyrzuca si\u0119 a na jego miejsce wk\u0142ada nowy. Dzi\u0119ki ca\u0142kowitej szczelno\u015bci wk\u0142ad\u00f3w tego typu zawarto\u015b\u0107 jest r\u00f3wnie\u017c zabezpieczona przed zanieczyszczeniem. <\/p>\n\n\n\n<p>Wiele wk\u0142ad\u00f3w wyposa\u017ca si\u0119 w pompk\u0119 spieniaj\u0105c\u0105. Jej praca daje nam w efekcie pian\u0119, kt\u00f3r\u0105 znacznie \u0142atwiej jest namydli\u0107 r\u0119ce. W efekcie tego zmniejsza si\u0119 zar\u00f3wno zu\u017cycie wody, jak te\u017c w konsekwencji ilo\u015b\u0107 produkowanych \u015bciek\u00f3w, nie m\u00f3wi\u0105c ju\u017c o tym jak szybko mo\u017cna umy\u0107 r\u0119ce. Pozornie niewielkie opakowanie 700 g daje Ci dzi\u0119ki temu nawet do 2200 porcji piany.<\/p>\n\n\n\n<h2 class=\"wp-block-heading\"><span class=\"ez-toc-section\" id=\"Mydlo_w_plynie_5l_HACCP_Stalgast\"><\/span>Myd\u0142o w p\u0142ynie 5l HACCP Stalgast<span class=\"ez-toc-section-end\"><\/span><\/h2>\n\n\n\n<p>Jakie myd\u0142o w p\u0142ynie jest Ci potrzebne, je\u015bli zamiast wymiennych wk\u0142ad\u00f3w wolisz stosowa\u0107 dolewanie z wi\u0119kszego, 5-litrowego kanistra? Warto oczywi\u015bcie zwr\u00f3ci\u0107 swoj\u0105 uwag\u0119 w kierunku du\u017cych pojemno\u015bci. Wi\u0119kszo\u015b\u0107 niewielkich butelek i wk\u0142ad\u00f3w oscyluje w granicach od 0,5 do 0,88 l. Du\u017ce butle maj\u0105 ju\u017c jednak 5, a pasty do mycia r\u0105k czasami nawet 10 litr\u00f3w. Kiedy sprawdzi si\u0119 takie rozwi\u0105zanie? <\/p>\n\n\n\n<p>Zawsze wtedy, gdy posiadasz urz\u0105dzenia, w kt\u00f3rych nie jest konieczne stosowanie wk\u0142adu oraz gdy z rachunku ekonomicznego wynika, \u017ce jest to dla Ciebie bardziej op\u0142acalne. Myd\u0142o w p\u0142ynie kt\u00f3re nie wysusza sk\u00f3ry &#8211; czym si\u0119 charakteryzuje? \u0141agodno\u015b\u0107 dla sk\u00f3ry uzyskuje si\u0119 dzi\u0119ki zastosowaniu w mydle gliceryny i betainy. Pozwala to r\u00f3wnie\u017c zmniejsza\u0107 mo\u017cliwo\u015b\u0107 wyst\u0105pienia zatru\u0107 pokarmowych, a jednocze\u015bnie skutecznie myje i odt\u0142uszcza sk\u00f3r\u0119 d\u0142oni. <\/p>\n\n\n\n<p>Jak ju\u017c wiesz, wiele myde\u0142 to produkty bezzapachowe. Dzi\u0119ki temu i nie stosowaniu barwnik\u00f3w s\u0105 one zgodne z wymaganiami HACCP. P\u0142yny do mycia o du\u017cej pojemno\u015bci idealnie sprawdzaj\u0105 si\u0119 w gastronomii i przemy\u015ble spo\u017cywczym. Praca w tych bran\u017cach wymaga bowiem cz\u0119stego mycia r\u0105k, co znacznie zwi\u0119ksza zu\u017cycie \u015brodk\u00f3w myj\u0105cych.<\/p>\n\n\n\n<h2 class=\"wp-block-heading\"><span class=\"ez-toc-section\" id=\"Mydla_antybakteryjne_%E2%80%93_jakie_wybrac\"><\/span>Myd\u0142a antybakteryjne &#8211; jakie wybra\u0107?<span class=\"ez-toc-section-end\"><\/span><\/h2>\n\n\n\n<p>Je\u015bli dzia\u0142asz w bran\u017cy, w kt\u00f3rej czysto\u015b\u0107 jest jeszcze wa\u017cniejsza ni\u017c na co dzie\u0144, warto zastanowi\u0107 si\u0119 nad zastosowaniem specjalnych \u015brodk\u00f3w ochrony. Myd\u0142o antybakteryjne jakie zastosujesz b\u0119dzie mia\u0142o bowiem du\u017ce znaczenie. Drobnoustroje chorobotw\u00f3rcze mog\u0105 bowiem skutecznie uniemo\u017cliwi\u0107 Ci prowadzenie biznesu. A zatem: jakie zagro\u017cenia na Ciebie czekaj\u0105 i jakie myd\u0142o antybakteryjne warto w zwi\u0105zku z tym wybra\u0107 do swojego lokalu gastronomicznego? <\/p>\n\n\n\n<p>Je\u015bli Twoi pracownicy b\u0119d\u0105 przechodzili infekcj\u0119 bakteryjn\u0105, z pewno\u015bci\u0105 przynajmniej cz\u0119\u015b\u0107 z nich nie stawi si\u0119 do pracy przez jaki\u015b czas w Twoim lokalu gastronomicznym. Spowoduje to problemy z realizacj\u0105 bie\u017c\u0105cych prac, a to mo\u017ce doprowadzi\u0107 do spadku obrot\u00f3w. A co, je\u015bli mimo infekcji przyjd\u0105? Mo\u017ce si\u0119 okaza\u0107, \u017ce przeka\u017c\u0105 j\u0105 klientom lokalu i w wyniku powi\u0105zanych z tym zatru\u0107 pokarmowych spadnie jego renoma. Jak temu zapobiec?<\/p>\n\n\n\n<p>Rozwi\u0105zaniem jest regularne mycie r\u0105k z u\u017cyciem odpowiednich \u015brodk\u00f3w. Jednym z naszych faworyt\u00f3w jest tutaj EPICARE 5C marki Ecolab. Mo\u017cna go naby\u0107 zar\u00f3wno w niewielkich wariantach pojemno\u015bci &#8211; 500 i 750 ml &#8211; jak te\u017c w opakowaniu 5 l. Ten produkt r\u00f3wnie\u017c nie zawiera ani barwnik\u00f3w, ani \u015brodk\u00f3w zapachowych. A dzi\u0119ki unikalnej kompozycji sk\u0142adnik\u00f3w chemicznych mo\u017cna go stosowa\u0107 nie tylko do mycia r\u0105k, ale te\u017c do cia\u0142a.<\/p>\n\n\n\n<p><\/p>\n\n\n<div class=\"wp-block-image is-style-default\">\n<figure class=\"aligncenter size-large\"><a href=\"https:\/\/gastronet24.pl\/mydla-w-plynie\/33113-epicare-5-12x500ml.html?utm_source=g24blog&amp;utm_medium=referral\"><img data-recalc-dims=\"1\" loading=\"lazy\" decoding=\"async\" width=\"1024\" height=\"683\" src=\"https:\/\/i0.wp.com\/gastronet24.pl\/blog\/wp-content\/uploads\/2022\/07\/ranking-mydel-w-plynie-03.jpg?resize=1024%2C683&#038;ssl=1\" alt=\"jakie myd\u0142o antybakteryjne\" class=\"wp-image-1131\" srcset=\"https:\/\/i0.wp.com\/gastronet24.pl\/blog\/wp-content\/uploads\/2022\/07\/ranking-mydel-w-plynie-03.jpg?resize=1024%2C683&amp;ssl=1 1024w, https:\/\/i0.wp.com\/gastronet24.pl\/blog\/wp-content\/uploads\/2022\/07\/ranking-mydel-w-plynie-03.jpg?resize=300%2C200&amp;ssl=1 300w, https:\/\/i0.wp.com\/gastronet24.pl\/blog\/wp-content\/uploads\/2022\/07\/ranking-mydel-w-plynie-03.jpg?resize=768%2C512&amp;ssl=1 768w, https:\/\/i0.wp.com\/gastronet24.pl\/blog\/wp-content\/uploads\/2022\/07\/ranking-mydel-w-plynie-03.jpg?resize=830%2C553&amp;ssl=1 830w, https:\/\/i0.wp.com\/gastronet24.pl\/blog\/wp-content\/uploads\/2022\/07\/ranking-mydel-w-plynie-03.jpg?resize=230%2C153&amp;ssl=1 230w, https:\/\/i0.wp.com\/gastronet24.pl\/blog\/wp-content\/uploads\/2022\/07\/ranking-mydel-w-plynie-03.jpg?resize=350%2C233&amp;ssl=1 350w, https:\/\/i0.wp.com\/gastronet24.pl\/blog\/wp-content\/uploads\/2022\/07\/ranking-mydel-w-plynie-03.jpg?resize=480%2C320&amp;ssl=1 480w, https:\/\/i0.wp.com\/gastronet24.pl\/blog\/wp-content\/uploads\/2022\/07\/ranking-mydel-w-plynie-03.jpg?w=1500&amp;ssl=1 1500w\" sizes=\"auto, (max-width: 1024px) 100vw, 1024px\" \/><\/a><\/figure>\n<\/div>\n\n\n<p><\/p>\n\n\n\n<p>Mamy nadziej\u0119, \u017ce wiesz ju\u017c jakie myd\u0142o w p\u0142ynie wybra\u0107 do swojej firmy. Czy b\u0119d\u0105 to mniejsze pojemno\u015bci czy te wynosz\u0105ce 5 litr\u00f3w\u2026 Czy zdecydujesz si\u0119 na p\u0142yn zapachowy, czy te\u017c bezzapachowy i bezbarwny spe\u0142niaj\u0105cy normy HACCP\u2026 W kanistrze do dolewania, a mo\u017ce w formie wymiennego wk\u0142adu\u2026 Zwyk\u0142e albo antybakteryjne\u2026 w ka\u017cdym z tych przypadk\u00f3w b\u0119dziesz ju\u017c wiedzia\u0142, do jakich cel\u00f3w mo\u017cesz u\u017cy\u0107 poszczeg\u00f3lnych produkt\u00f3w.<\/p>\n\n\n\n<p><\/p>\n\n\n\n<div class=\"wp-block-buttons alignfull is-content-justification-center is-layout-flex wp-container-core-buttons-is-layout-16018d1d wp-block-buttons-is-layout-flex\">\n<div class=\"wp-block-button has-custom-font-size aligncenter is-style-fill has-medium-font-size\"><a class=\"wp-block-button__link has-white-color has-text-color has-background wp-element-button\" href=\"https:\/\/gastronet24.pl\/11619-produkty?utm_source=g24blog&amp;utm_medium=referral\" style=\"background-color:#a61111\"><strong>Sklep z wyposa\u017ceniem gastronomii<\/strong>: Sprawd\u017a ofert\u0119 &gt;&gt;<\/a><\/div>\n<\/div>\n","protected":false},"excerpt":{"rendered":"<p>Ranking myde\u0142 w p\u0142ynie Myd\u0142o w p\u0142ynie ranking Wykonanie rankingu myde\u0142 z pewno\u015bci\u0105 nie da Ci odpowiedzi na wszystkie pytania. Pomo\u017ce Ci jednak ustali\u0107, jakie s\u0105 ich podstawowe rodzaje, pojemno\u015bci albo odpowiedzie\u0107 na pytanie: myd\u0142o antybakteryjne jakie wybra\u0107? Poznasz tu&#8230;<\/p>\n","protected":false},"author":2,"featured_media":1125,"comment_status":"closed","ping_status":"closed","sticky":false,"template":"","format":"standard","meta":{"jetpack_post_was_ever_published":false,"_jetpack_newsletter_access":"","_jetpack_dont_email_post_to_subs":false,"_jetpack_newsletter_tier_id":0,"_jetpack_memberships_contains_paywalled_content":false,"_jetpack_memberships_contains_paid_content":false,"footnotes":""},"categories":[9,50],"tags":[],"class_list":["post-1123","post","type-post","status-publish","format-standard","has-post-thumbnail","hentry","category-blog","category-chemia-i-higiena"],"yoast_head":"<!-- This site is optimized with the Yoast SEO plugin v27.5 - https:\/\/yoast.com\/product\/yoast-seo-wordpress\/ -->\n<title>Ranking myde\u0142 w p\u0142ynie - Blog Gastronet24<\/title>\n<meta name=\"description\" content=\"Jakie myd\u0142o w p\u0142ynie wybra\u0107 do restauracji czy cateringu? \ud83e\uddfc\ud83d\udc4c Kliknij i dowiedz si\u0119, kiedy wybra\u0107 myd\u0142o antybakteryjne, zapachowe lub inne.\" \/>\n<meta name=\"robots\" content=\"index, follow, max-snippet:-1, max-image-preview:large, max-video-preview:-1\" \/>\n<meta property=\"og:locale\" content=\"pl_PL\" \/>\n<meta property=\"og:type\" content=\"article\" \/>\n<meta property=\"og:title\" content=\"Ranking myde\u0142 w p\u0142ynie - Blog Gastronet24\" \/>\n<meta property=\"og:description\" content=\"Jakie myd\u0142o w p\u0142ynie wybra\u0107 do restauracji czy cateringu? \ud83e\uddfc\ud83d\udc4c Kliknij i dowiedz si\u0119, kiedy wybra\u0107 myd\u0142o antybakteryjne, zapachowe lub inne.\" \/>\n<meta property=\"og:url\" content=\"https:\/\/gastronet24.pl\/blog\/ranking-mydel-w-plynie\" \/>\n<meta property=\"og:site_name\" content=\"Blog Gastronet24\" \/>\n<meta property=\"article:publisher\" content=\"https:\/\/www.facebook.com\/gastronet24\/\" \/>\n<meta property=\"article:published_time\" content=\"2022-07-29T08:42:28+00:00\" \/>\n<meta property=\"article:modified_time\" content=\"2025-10-27T08:49:39+00:00\" \/>\n<meta property=\"og:image\" content=\"https:\/\/gastronet24.pl\/blog\/wp-content\/uploads\/2022\/07\/ranking-mydel-w-plynie-glowny.jpg\" \/>\n\t<meta property=\"og:image:width\" content=\"2000\" \/>\n\t<meta property=\"og:image:height\" content=\"1087\" \/>\n\t<meta property=\"og:image:type\" content=\"image\/jpeg\" \/>\n<meta name=\"author\" content=\"sklep@gastronet24.pl\" \/>\n<meta name=\"twitter:card\" content=\"summary_large_image\" \/>\n<meta name=\"twitter:label1\" content=\"Napisane przez\" \/>\n\t<meta name=\"twitter:data1\" content=\"sklep@gastronet24.pl\" \/>\n\t<meta name=\"twitter:label2\" content=\"Szacowany czas czytania\" \/>\n\t<meta name=\"twitter:data2\" content=\"11 minut\" \/>\n<script type=\"application\/ld+json\" class=\"yoast-schema-graph\">{\"@context\":\"https:\\\/\\\/schema.org\",\"@graph\":[{\"@type\":\"Article\",\"@id\":\"https:\\\/\\\/gastronet24.pl\\\/blog\\\/ranking-mydel-w-plynie#article\",\"isPartOf\":{\"@id\":\"https:\\\/\\\/gastronet24.pl\\\/blog\\\/ranking-mydel-w-plynie\"},\"author\":{\"name\":\"sklep@gastronet24.pl\",\"@id\":\"https:\\\/\\\/gastronet24.pl\\\/blog\\\/#\\\/schema\\\/person\\\/6c250b0a504db081f7e32bf4e0dcdb2f\"},\"headline\":\"Ranking myde\u0142 w p\u0142ynie\",\"datePublished\":\"2022-07-29T08:42:28+00:00\",\"dateModified\":\"2025-10-27T08:49:39+00:00\",\"mainEntityOfPage\":{\"@id\":\"https:\\\/\\\/gastronet24.pl\\\/blog\\\/ranking-mydel-w-plynie\"},\"wordCount\":941,\"publisher\":{\"@id\":\"https:\\\/\\\/gastronet24.pl\\\/blog\\\/#organization\"},\"image\":{\"@id\":\"https:\\\/\\\/gastronet24.pl\\\/blog\\\/ranking-mydel-w-plynie#primaryimage\"},\"thumbnailUrl\":\"https:\\\/\\\/i0.wp.com\\\/gastronet24.pl\\\/blog\\\/wp-content\\\/uploads\\\/2022\\\/07\\\/ranking-mydel-w-plynie-glowny.jpg?fit=2000%2C1087&ssl=1\",\"articleSection\":[\"Blog\",\"Chemia i Higiena\"],\"inLanguage\":\"pl-PL\"},{\"@type\":\"WebPage\",\"@id\":\"https:\\\/\\\/gastronet24.pl\\\/blog\\\/ranking-mydel-w-plynie\",\"url\":\"https:\\\/\\\/gastronet24.pl\\\/blog\\\/ranking-mydel-w-plynie\",\"name\":\"Ranking myde\u0142 w p\u0142ynie - Blog Gastronet24\",\"isPartOf\":{\"@id\":\"https:\\\/\\\/gastronet24.pl\\\/blog\\\/#website\"},\"primaryImageOfPage\":{\"@id\":\"https:\\\/\\\/gastronet24.pl\\\/blog\\\/ranking-mydel-w-plynie#primaryimage\"},\"image\":{\"@id\":\"https:\\\/\\\/gastronet24.pl\\\/blog\\\/ranking-mydel-w-plynie#primaryimage\"},\"thumbnailUrl\":\"https:\\\/\\\/i0.wp.com\\\/gastronet24.pl\\\/blog\\\/wp-content\\\/uploads\\\/2022\\\/07\\\/ranking-mydel-w-plynie-glowny.jpg?fit=2000%2C1087&ssl=1\",\"datePublished\":\"2022-07-29T08:42:28+00:00\",\"dateModified\":\"2025-10-27T08:49:39+00:00\",\"description\":\"Jakie myd\u0142o w p\u0142ynie wybra\u0107 do restauracji czy cateringu? \ud83e\uddfc\ud83d\udc4c Kliknij i dowiedz si\u0119, kiedy wybra\u0107 myd\u0142o antybakteryjne, zapachowe lub inne.\",\"breadcrumb\":{\"@id\":\"https:\\\/\\\/gastronet24.pl\\\/blog\\\/ranking-mydel-w-plynie#breadcrumb\"},\"inLanguage\":\"pl-PL\",\"potentialAction\":[{\"@type\":\"ReadAction\",\"target\":[\"https:\\\/\\\/gastronet24.pl\\\/blog\\\/ranking-mydel-w-plynie\"]}]},{\"@type\":\"ImageObject\",\"inLanguage\":\"pl-PL\",\"@id\":\"https:\\\/\\\/gastronet24.pl\\\/blog\\\/ranking-mydel-w-plynie#primaryimage\",\"url\":\"https:\\\/\\\/i0.wp.com\\\/gastronet24.pl\\\/blog\\\/wp-content\\\/uploads\\\/2022\\\/07\\\/ranking-mydel-w-plynie-glowny.jpg?fit=2000%2C1087&ssl=1\",\"contentUrl\":\"https:\\\/\\\/i0.wp.com\\\/gastronet24.pl\\\/blog\\\/wp-content\\\/uploads\\\/2022\\\/07\\\/ranking-mydel-w-plynie-glowny.jpg?fit=2000%2C1087&ssl=1\",\"width\":2000,\"height\":1087,\"caption\":\"myd\u0142o w p\u0142ynie ranking\"},{\"@type\":\"BreadcrumbList\",\"@id\":\"https:\\\/\\\/gastronet24.pl\\\/blog\\\/ranking-mydel-w-plynie#breadcrumb\",\"itemListElement\":[{\"@type\":\"ListItem\",\"position\":1,\"name\":\"Strona g\u0142\u00f3wna\",\"item\":\"https:\\\/\\\/gastronet24.pl\\\/blog\\\/\"},{\"@type\":\"ListItem\",\"position\":2,\"name\":\"Ranking myde\u0142 w p\u0142ynie\"}]},{\"@type\":\"WebSite\",\"@id\":\"https:\\\/\\\/gastronet24.pl\\\/blog\\\/#website\",\"url\":\"https:\\\/\\\/gastronet24.pl\\\/blog\\\/\",\"name\":\"Blog Gastronet24 Wyposa\u017cenie gastronomii\",\"description\":\"\",\"publisher\":{\"@id\":\"https:\\\/\\\/gastronet24.pl\\\/blog\\\/#organization\"},\"potentialAction\":[{\"@type\":\"SearchAction\",\"target\":{\"@type\":\"EntryPoint\",\"urlTemplate\":\"https:\\\/\\\/gastronet24.pl\\\/blog\\\/?s={search_term_string}\"},\"query-input\":{\"@type\":\"PropertyValueSpecification\",\"valueRequired\":true,\"valueName\":\"search_term_string\"}}],\"inLanguage\":\"pl-PL\"},{\"@type\":\"Organization\",\"@id\":\"https:\\\/\\\/gastronet24.pl\\\/blog\\\/#organization\",\"name\":\"Gastronet24\",\"url\":\"https:\\\/\\\/gastronet24.pl\\\/blog\\\/\",\"logo\":{\"@type\":\"ImageObject\",\"inLanguage\":\"pl-PL\",\"@id\":\"https:\\\/\\\/gastronet24.pl\\\/blog\\\/#\\\/schema\\\/logo\\\/image\\\/\",\"url\":\"https:\\\/\\\/gastronet24.pl\\\/blog\\\/wp-content\\\/uploads\\\/2023\\\/01\\\/gastronet24pl.png\",\"contentUrl\":\"https:\\\/\\\/gastronet24.pl\\\/blog\\\/wp-content\\\/uploads\\\/2023\\\/01\\\/gastronet24pl.png\",\"width\":226,\"height\":117,\"caption\":\"Gastronet24\"},\"image\":{\"@id\":\"https:\\\/\\\/gastronet24.pl\\\/blog\\\/#\\\/schema\\\/logo\\\/image\\\/\"},\"sameAs\":[\"https:\\\/\\\/www.facebook.com\\\/gastronet24\\\/\",\"https:\\\/\\\/www.instagram.com\\\/gastronet24\\\/\"]},{\"@type\":\"Person\",\"@id\":\"https:\\\/\\\/gastronet24.pl\\\/blog\\\/#\\\/schema\\\/person\\\/6c250b0a504db081f7e32bf4e0dcdb2f\",\"name\":\"sklep@gastronet24.pl\",\"image\":{\"@type\":\"ImageObject\",\"inLanguage\":\"pl-PL\",\"@id\":\"https:\\\/\\\/secure.gravatar.com\\\/avatar\\\/b73fefdb277112a2cc43011d9d41b9a653fede868eaf5a7397b53ad25ba2bc97?s=96&d=mm&r=g\",\"url\":\"https:\\\/\\\/secure.gravatar.com\\\/avatar\\\/b73fefdb277112a2cc43011d9d41b9a653fede868eaf5a7397b53ad25ba2bc97?s=96&d=mm&r=g\",\"contentUrl\":\"https:\\\/\\\/secure.gravatar.com\\\/avatar\\\/b73fefdb277112a2cc43011d9d41b9a653fede868eaf5a7397b53ad25ba2bc97?s=96&d=mm&r=g\",\"caption\":\"sklep@gastronet24.pl\"},\"url\":\"https:\\\/\\\/gastronet24.pl\\\/blog\\\/author\\\/adminwiwi-pl\"}]}<\/script>\n<!-- \/ Yoast SEO plugin. -->","yoast_head_json":{"title":"Ranking myde\u0142 w p\u0142ynie - Blog Gastronet24","description":"Jakie myd\u0142o w p\u0142ynie wybra\u0107 do restauracji czy cateringu? \ud83e\uddfc\ud83d\udc4c Kliknij i dowiedz si\u0119, kiedy wybra\u0107 myd\u0142o antybakteryjne, zapachowe lub inne.","robots":{"index":"index","follow":"follow","max-snippet":"max-snippet:-1","max-image-preview":"max-image-preview:large","max-video-preview":"max-video-preview:-1"},"og_locale":"pl_PL","og_type":"article","og_title":"Ranking myde\u0142 w p\u0142ynie - Blog Gastronet24","og_description":"Jakie myd\u0142o w p\u0142ynie wybra\u0107 do restauracji czy cateringu? \ud83e\uddfc\ud83d\udc4c Kliknij i dowiedz si\u0119, kiedy wybra\u0107 myd\u0142o antybakteryjne, zapachowe lub inne.","og_url":"https:\/\/gastronet24.pl\/blog\/ranking-mydel-w-plynie","og_site_name":"Blog Gastronet24","article_publisher":"https:\/\/www.facebook.com\/gastronet24\/","article_published_time":"2022-07-29T08:42:28+00:00","article_modified_time":"2025-10-27T08:49:39+00:00","og_image":[{"width":2000,"height":1087,"url":"https:\/\/gastronet24.pl\/blog\/wp-content\/uploads\/2022\/07\/ranking-mydel-w-plynie-glowny.jpg","type":"image\/jpeg"}],"author":"sklep@gastronet24.pl","twitter_card":"summary_large_image","twitter_misc":{"Napisane przez":"sklep@gastronet24.pl","Szacowany czas czytania":"11 minut"},"schema":{"@context":"https:\/\/schema.org","@graph":[{"@type":"Article","@id":"https:\/\/gastronet24.pl\/blog\/ranking-mydel-w-plynie#article","isPartOf":{"@id":"https:\/\/gastronet24.pl\/blog\/ranking-mydel-w-plynie"},"author":{"name":"sklep@gastronet24.pl","@id":"https:\/\/gastronet24.pl\/blog\/#\/schema\/person\/6c250b0a504db081f7e32bf4e0dcdb2f"},"headline":"Ranking myde\u0142 w p\u0142ynie","datePublished":"2022-07-29T08:42:28+00:00","dateModified":"2025-10-27T08:49:39+00:00","mainEntityOfPage":{"@id":"https:\/\/gastronet24.pl\/blog\/ranking-mydel-w-plynie"},"wordCount":941,"publisher":{"@id":"https:\/\/gastronet24.pl\/blog\/#organization"},"image":{"@id":"https:\/\/gastronet24.pl\/blog\/ranking-mydel-w-plynie#primaryimage"},"thumbnailUrl":"https:\/\/i0.wp.com\/gastronet24.pl\/blog\/wp-content\/uploads\/2022\/07\/ranking-mydel-w-plynie-glowny.jpg?fit=2000%2C1087&ssl=1","articleSection":["Blog","Chemia i Higiena"],"inLanguage":"pl-PL"},{"@type":"WebPage","@id":"https:\/\/gastronet24.pl\/blog\/ranking-mydel-w-plynie","url":"https:\/\/gastronet24.pl\/blog\/ranking-mydel-w-plynie","name":"Ranking myde\u0142 w p\u0142ynie - Blog Gastronet24","isPartOf":{"@id":"https:\/\/gastronet24.pl\/blog\/#website"},"primaryImageOfPage":{"@id":"https:\/\/gastronet24.pl\/blog\/ranking-mydel-w-plynie#primaryimage"},"image":{"@id":"https:\/\/gastronet24.pl\/blog\/ranking-mydel-w-plynie#primaryimage"},"thumbnailUrl":"https:\/\/i0.wp.com\/gastronet24.pl\/blog\/wp-content\/uploads\/2022\/07\/ranking-mydel-w-plynie-glowny.jpg?fit=2000%2C1087&ssl=1","datePublished":"2022-07-29T08:42:28+00:00","dateModified":"2025-10-27T08:49:39+00:00","description":"Jakie myd\u0142o w p\u0142ynie wybra\u0107 do restauracji czy cateringu? \ud83e\uddfc\ud83d\udc4c Kliknij i dowiedz si\u0119, kiedy wybra\u0107 myd\u0142o antybakteryjne, zapachowe lub inne.","breadcrumb":{"@id":"https:\/\/gastronet24.pl\/blog\/ranking-mydel-w-plynie#breadcrumb"},"inLanguage":"pl-PL","potentialAction":[{"@type":"ReadAction","target":["https:\/\/gastronet24.pl\/blog\/ranking-mydel-w-plynie"]}]},{"@type":"ImageObject","inLanguage":"pl-PL","@id":"https:\/\/gastronet24.pl\/blog\/ranking-mydel-w-plynie#primaryimage","url":"https:\/\/i0.wp.com\/gastronet24.pl\/blog\/wp-content\/uploads\/2022\/07\/ranking-mydel-w-plynie-glowny.jpg?fit=2000%2C1087&ssl=1","contentUrl":"https:\/\/i0.wp.com\/gastronet24.pl\/blog\/wp-content\/uploads\/2022\/07\/ranking-mydel-w-plynie-glowny.jpg?fit=2000%2C1087&ssl=1","width":2000,"height":1087,"caption":"myd\u0142o w p\u0142ynie ranking"},{"@type":"BreadcrumbList","@id":"https:\/\/gastronet24.pl\/blog\/ranking-mydel-w-plynie#breadcrumb","itemListElement":[{"@type":"ListItem","position":1,"name":"Strona g\u0142\u00f3wna","item":"https:\/\/gastronet24.pl\/blog\/"},{"@type":"ListItem","position":2,"name":"Ranking myde\u0142 w p\u0142ynie"}]},{"@type":"WebSite","@id":"https:\/\/gastronet24.pl\/blog\/#website","url":"https:\/\/gastronet24.pl\/blog\/","name":"Blog Gastronet24 Wyposa\u017cenie gastronomii","description":"","publisher":{"@id":"https:\/\/gastronet24.pl\/blog\/#organization"},"potentialAction":[{"@type":"SearchAction","target":{"@type":"EntryPoint","urlTemplate":"https:\/\/gastronet24.pl\/blog\/?s={search_term_string}"},"query-input":{"@type":"PropertyValueSpecification","valueRequired":true,"valueName":"search_term_string"}}],"inLanguage":"pl-PL"},{"@type":"Organization","@id":"https:\/\/gastronet24.pl\/blog\/#organization","name":"Gastronet24","url":"https:\/\/gastronet24.pl\/blog\/","logo":{"@type":"ImageObject","inLanguage":"pl-PL","@id":"https:\/\/gastronet24.pl\/blog\/#\/schema\/logo\/image\/","url":"https:\/\/gastronet24.pl\/blog\/wp-content\/uploads\/2023\/01\/gastronet24pl.png","contentUrl":"https:\/\/gastronet24.pl\/blog\/wp-content\/uploads\/2023\/01\/gastronet24pl.png","width":226,"height":117,"caption":"Gastronet24"},"image":{"@id":"https:\/\/gastronet24.pl\/blog\/#\/schema\/logo\/image\/"},"sameAs":["https:\/\/www.facebook.com\/gastronet24\/","https:\/\/www.instagram.com\/gastronet24\/"]},{"@type":"Person","@id":"https:\/\/gastronet24.pl\/blog\/#\/schema\/person\/6c250b0a504db081f7e32bf4e0dcdb2f","name":"sklep@gastronet24.pl","image":{"@type":"ImageObject","inLanguage":"pl-PL","@id":"https:\/\/secure.gravatar.com\/avatar\/b73fefdb277112a2cc43011d9d41b9a653fede868eaf5a7397b53ad25ba2bc97?s=96&d=mm&r=g","url":"https:\/\/secure.gravatar.com\/avatar\/b73fefdb277112a2cc43011d9d41b9a653fede868eaf5a7397b53ad25ba2bc97?s=96&d=mm&r=g","contentUrl":"https:\/\/secure.gravatar.com\/avatar\/b73fefdb277112a2cc43011d9d41b9a653fede868eaf5a7397b53ad25ba2bc97?s=96&d=mm&r=g","caption":"sklep@gastronet24.pl"},"url":"https:\/\/gastronet24.pl\/blog\/author\/adminwiwi-pl"}]}},"jetpack_featured_media_url":"https:\/\/i0.wp.com\/gastronet24.pl\/blog\/wp-content\/uploads\/2022\/07\/ranking-mydel-w-plynie-glowny.jpg?fit=2000%2C1087&ssl=1","jetpack_sharing_enabled":true,"jetpack_likes_enabled":true,"_links":{"self":[{"href":"https:\/\/gastronet24.pl\/blog\/wp-json\/wp\/v2\/posts\/1123","targetHints":{"allow":["GET"]}}],"collection":[{"href":"https:\/\/gastronet24.pl\/blog\/wp-json\/wp\/v2\/posts"}],"about":[{"href":"https:\/\/gastronet24.pl\/blog\/wp-json\/wp\/v2\/types\/post"}],"author":[{"embeddable":true,"href":"https:\/\/gastronet24.pl\/blog\/wp-json\/wp\/v2\/users\/2"}],"replies":[{"embeddable":true,"href":"https:\/\/gastronet24.pl\/blog\/wp-json\/wp\/v2\/comments?post=1123"}],"version-history":[{"count":12,"href":"https:\/\/gastronet24.pl\/blog\/wp-json\/wp\/v2\/posts\/1123\/revisions"}],"predecessor-version":[{"id":3039,"href":"https:\/\/gastronet24.pl\/blog\/wp-json\/wp\/v2\/posts\/1123\/revisions\/3039"}],"wp:featuredmedia":[{"embeddable":true,"href":"https:\/\/gastronet24.pl\/blog\/wp-json\/wp\/v2\/media\/1125"}],"wp:attachment":[{"href":"https:\/\/gastronet24.pl\/blog\/wp-json\/wp\/v2\/media?parent=1123"}],"wp:term":[{"taxonomy":"category","embeddable":true,"href":"https:\/\/gastronet24.pl\/blog\/wp-json\/wp\/v2\/categories?post=1123"},{"taxonomy":"post_tag","embeddable":true,"href":"https:\/\/gastronet24.pl\/blog\/wp-json\/wp\/v2\/tags?post=1123"}],"curies":[{"name":"wp","href":"https:\/\/api.w.org\/{rel}","templated":true}]}}